{"id":3972,"date":"2023-10-21T13:08:28","date_gmt":"2023-10-21T11:08:28","guid":{"rendered":"https:\/\/alternativa.eu\/regulamentul-privind-desfasurarea-activitatii-de-comert-in-municipiul-chisinau-in-redactie-noua-2\/"},"modified":"2023-10-21T15:21:12","modified_gmt":"2023-10-21T13:21:12","slug":"regulamentul-privind-desfasurarea-activitatii-de-comert-in-municipiul-chisinau-in-redactie-noua-2","status":"publish","type":"post","link":"https:\/\/alternativa.eu\/en\/regulamentul-privind-desfasurarea-activitatii-de-comert-in-municipiul-chisinau-in-redactie-noua-2\/","title":{"rendered":"Regulamentul privind desf\u0103\u0219urarea activit\u0103\u021bii de comer\u021b \u00een municipiul Chi\u0219in\u0103u, \u00een redac\u021bie nou\u0103"},"content":{"rendered":"<p>Aprobarea Regulamentului de comer\u021b local al municipiului Chi\u0219in\u0103u a pornit de la necesitatea realiz\u0103rii Planului de Implementare a Conceptului privind desf\u0103\u0219urarea comer\u021bului ambulant stradal &icirc;n ora\u0219ul Chi\u0219in\u0103u, aprobat anterior prin decizia CMC nr. 12\/1 din 23.07.2020.<\/p>\n<p>Regulamentul descrie procedura de depunere a notific\u0103rii privind ini\u021bierea activit\u0103\u021bii de comer\u021b pe teritoriul municipiului Chi\u0219in\u0103u, modalitatea de amplasare a unit\u0103\u021bilor de comer\u021b ambulant pe teritoriul ora\u0219ului, at&acirc;t pe terenuri proprietate a municipiului Chi\u0219in\u0103u, precum \u0219i pe alte terenuri.<\/p>\n<p>&Icirc;n aceea\u0219i ordine de idei, &icirc;ntru stimularea dezvolt\u0103rii unui comer\u021b organizat \u0219i modern, protec\u021biei vie\u021bii, s\u0103n\u0103t\u0103\u021bii, securit\u0103\u021bii \u0219i intereselor economice \u0219i sociale ale cet\u0103\u021benilor, protej\u0103rii drepturilor consumatorilor\/cet\u0103\u021benilor precum \u0219i crearea unui aspect atractiv imaginii ora\u0219ului, &icirc;n Regulament sunt prev\u0103zute interdic\u021biile \u015fi cerin\u021bele de desf\u0103\u0219urare a activit\u0103\u021bii de comer\u021b &icirc;n municipiul Chi\u0219in\u0103u, inclusiv interdic\u0163ia de a desf\u0103\u015fura activit\u0103\u0163i de comer\u0163 sau anumite forme ale activit\u0103\u0163ii de comer\u0163, inclusiv comer\u0163ul ambulant.<\/p>\n<p><strong>Astfel, comer\u021bul ambulant se desf\u0103\u0219oar\u0103 prin intermediul unit\u0103\u021bilor de comer\u021b ambulant (UCA):<\/strong><\/p>\n<p>&#8211; &icirc;n pie\u021be;<\/p>\n<p>&#8211; pe amplasamente;<\/p>\n<p>&#8211; &icirc;n cadrul t&acirc;rgurilor, iarmaroacelor, manifest\u0103rilor culturale, turistice, sportive \u015fi al altor evenimente similare.<\/p>\n<p>&Icirc;ntru optimizarea num\u0103rului de unit\u0103\u021bi de comer\u021b ambulant amplasate pe str\u0103zile ora\u0219ului \u0219i asigurarea unei concuren\u021be libere &icirc;n acest sens, se men\u021bine procedura stabilit\u0103 anterior referitor la amplasarea unit\u0103\u021bilor de comer\u021b ambulant pe amplasamentele aprobate de c\u0103tre Consiliul municipal Chi\u0219in\u0103u, urmare a ob\u021binerii dreptului de amplasare a UCA &icirc;n cadrul licita\u021biilor publice organizate de c\u0103tre PMC.<\/p>\n<p><strong>Totodat\u0103, &icirc;ntru sus\u021binerea activit\u0103\u021bilor comerciale de familie, municipalitatea a stabilit excepta\u021bii la amplasarea unit\u0103\u021bilor de comer\u021b ambulant care desf\u0103\u0219oar\u0103 activitate comercial\u0103, exclusiv, cu urm\u0103torul sortiment de produse\/servicii social importante:<\/strong><\/p>\n<p>&#8211; p&acirc;ine de p&acirc;n\u0103 la 600 grame, colaci de p&acirc;n\u0103 la 300 grame, fabricate din f\u0103in\u0103 de calitatea I \u0219i II, produse de panifica\u021bie \u0219i cofet\u0103rie de produc\u021bie proprie;<\/p>\n<p>&#8211; de repara\u021bie a &icirc;mbr\u0103c\u0103mintei;<\/p>\n<p>&#8211; de repara\u021bia a &icirc;nc\u0103l\u021b\u0103mintei;<\/p>\n<p>&#8211; de confec\u021bionare a cheilor;<\/p>\n<p>&#8211; de colectare a maculaturii.<\/p>\n<p>Documentul poate fi desc\u0103rcat&nbsp;<a class=\"btn btn-outline btn-outline-primary mybtn-primary\" href=\"https:\/\/www.chisinau.md\/ro\/upload\/265997\/attached_files\/63454afa4f63f.pdf\" target=\"_blank\" rel=\"noopener\">AICI<\/a>.<\/p>\n","protected":false},"excerpt":{"rendered":"<p>Aprobarea Regulamentului de comer\u021b local al municipiului Chi\u0219in\u0103u a pornit de la necesitatea realiz\u0103rii Planului de Implementare a Conceptului privind desf\u0103\u0219urarea comer\u021bului ambulant stradal &icirc;n ora\u0219ul Chi\u0219in\u0103u, aprobat anterior prin decizia CMC nr. 12\/1 din 23.07.2020. Regulamentul descrie procedura de depunere a notific\u0103rii privind ini\u021bierea activit\u0103\u021bii de comer\u021b pe teritoriul municipiului Chi\u0219in\u0103u, modalitatea de amplasare&hellip;<\/p>\n","protected":false},"author":1,"featured_media":3759,"comment_status":"open","ping_status":"open","sticky":false,"template":"","format":"standard","meta":{"inline_featured_image":false,"pgc_sgb_lightbox_settings":"","footnotes":""},"categories":[69,66],"tags":[],"acf":[],"_links":{"self":[{"href":"https:\/\/alternativa.eu\/en\/wp-json\/wp\/v2\/posts\/3972"}],"collection":[{"href":"https:\/\/alternativa.eu\/en\/wp-json\/wp\/v2\/posts"}],"about":[{"href":"https:\/\/alternativa.eu\/en\/wp-json\/wp\/v2\/types\/post"}],"author":[{"embeddable":true,"href":"https:\/\/alternativa.eu\/en\/wp-json\/wp\/v2\/users\/1"}],"replies":[{"embeddable":true,"href":"https:\/\/alternativa.eu\/en\/wp-json\/wp\/v2\/comments?post=3972"}],"version-history":[{"count":1,"href":"https:\/\/alternativa.eu\/en\/wp-json\/wp\/v2\/posts\/3972\/revisions"}],"predecessor-version":[{"id":3981,"href":"https:\/\/alternativa.eu\/en\/wp-json\/wp\/v2\/posts\/3972\/revisions\/3981"}],"wp:featuredmedia":[{"embeddable":true,"href":"https:\/\/alternativa.eu\/en\/wp-json\/wp\/v2\/media\/3759"}],"wp:attachment":[{"href":"https:\/\/alternativa.eu\/en\/wp-json\/wp\/v2\/media?parent=3972"}],"wp:term":[{"taxonomy":"category","embeddable":true,"href":"https:\/\/alternativa.eu\/en\/wp-json\/wp\/v2\/categories?post=3972"},{"taxonomy":"post_tag","embeddable":true,"href":"https:\/\/alternativa.eu\/en\/wp-json\/wp\/v2\/tags?post=3972"}],"curies":[{"name":"wp","href":"https:\/\/api.w.org\/{rel}","templated":true}]}}