{"id":3970,"date":"2023-10-21T13:08:28","date_gmt":"2023-10-21T11:08:28","guid":{"rendered":"https:\/\/alternativa.eu\/proiectul-strategiei-de-dezvoltare-a-comertului-interior-in-municipiul-chisinau-comert-2030-2\/"},"modified":"2023-10-21T15:21:12","modified_gmt":"2023-10-21T13:21:12","slug":"proiectul-strategiei-de-dezvoltare-a-comertului-interior-in-municipiul-chisinau-comert-2030-2","status":"publish","type":"post","link":"https:\/\/alternativa.eu\/en\/proiectul-strategiei-de-dezvoltare-a-comertului-interior-in-municipiul-chisinau-comert-2030-2\/","title":{"rendered":"Proiectul Strategiei de dezvoltare a comer\u021bului interior \u00een municipiul Chi\u0219in\u0103u \u201eComer\u021b &#8211; 2030"},"content":{"rendered":"<p>Direc\u021bia general\u0103 economie, comer\u021b \u0219i turism a Consiliului municipal Chi\u0219in\u0103u ini\u021biaz\u0103 elaborarea proiectului Strategiei de dezvoltare a comer\u021bului interior &icirc;n municipiul Chi\u0219in\u0103u &bdquo;Comer\u021b 2023 &#8211; 2030&quot;.<\/p>\n<p>&nbsp;<\/p>\n<p>Scopul proiectului este stabilirea direc\u021biilor prioritare de dezvoltare \u0219i orientare social\u0103 a comer\u021bului interior &icirc;n vederea unei abord\u0103ri sistemice a procesului de implementare a politicilor publice aferente activit\u0103\u021bii de comer\u021b, aprobarea cadrului strategic pe termen mediu pentru dezvoltarea activit\u0103\u021bilor de comercializare a produselor \u0219i serviciilor pe teritoriul mun. Chi\u0219in\u0103u, sporirea competitivit\u0103\u021bii produselor \u0219i serviciilor plasate pe pia\u021b\u0103, &icirc;mbun\u0103t\u0103\u021birea infrastructurii comerciale &icirc;n teritoriu, modernizarea formelor de distribu\u021bie\/comercializare a produselor\/serviciilor plasate pe pia\u021b\u0103, satisfacerea necesit\u0103\u021bilor consumatorilor.<\/p>\n<p>&nbsp;<\/p>\n<p>Necesitatea elabor\u0103rii proiectului este stabilirea unor proceduri clare \u0219i transparente ale activit\u0103\u021bilor de comer\u021b cu produse alimentare, nealimentare \u0219i de prest\u0103ri de servicii conform Clasificatorului Activit\u0103\u021bilor din Economia Moldovei (CAEM &#8211; 2) \u0219i nomenclatorului unit\u0103\u021bilor comerciale &icirc;n perspectiva anilor 2023-2030, inclusiv prevederi pentru protejarea de c\u0103tre stat a mediului de afaceri \u0219i persoanelor &icirc;n calitatea lor de consumatori \u0219i transpunerea Directivelor Parlamentului European &icirc;n domeniu, astfel contribuind relevabil la atingerea obiectivelor de protec\u021bie \u0219i &icirc;mbun\u0103t\u0103\u021bire a calit\u0103\u021bii vie\u021bii.<\/p>\n","protected":false},"excerpt":{"rendered":"<p>Direc\u021bia general\u0103 economie, comer\u021b \u0219i turism a Consiliului municipal Chi\u0219in\u0103u ini\u021biaz\u0103 elaborarea proiectului Strategiei de dezvoltare a comer\u021bului interior &icirc;n municipiul Chi\u0219in\u0103u &bdquo;Comer\u021b 2023 &#8211; 2030&quot;. &nbsp; Scopul proiectului este stabilirea direc\u021biilor prioritare de dezvoltare \u0219i orientare social\u0103 a comer\u021bului interior &icirc;n vederea unei abord\u0103ri sistemice a procesului de implementare a politicilor publice aferente activit\u0103\u021bii&hellip;<\/p>\n","protected":false},"author":1,"featured_media":3751,"comment_status":"open","ping_status":"open","sticky":false,"template":"","format":"standard","meta":{"inline_featured_image":false,"pgc_sgb_lightbox_settings":"","footnotes":""},"categories":[69,66],"tags":[],"acf":[],"_links":{"self":[{"href":"https:\/\/alternativa.eu\/en\/wp-json\/wp\/v2\/posts\/3970"}],"collection":[{"href":"https:\/\/alternativa.eu\/en\/wp-json\/wp\/v2\/posts"}],"about":[{"href":"https:\/\/alternativa.eu\/en\/wp-json\/wp\/v2\/types\/post"}],"author":[{"embeddable":true,"href":"https:\/\/alternativa.eu\/en\/wp-json\/wp\/v2\/users\/1"}],"replies":[{"embeddable":true,"href":"https:\/\/alternativa.eu\/en\/wp-json\/wp\/v2\/comments?post=3970"}],"version-history":[{"count":1,"href":"https:\/\/alternativa.eu\/en\/wp-json\/wp\/v2\/posts\/3970\/revisions"}],"predecessor-version":[{"id":3979,"href":"https:\/\/alternativa.eu\/en\/wp-json\/wp\/v2\/posts\/3970\/revisions\/3979"}],"wp:featuredmedia":[{"embeddable":true,"href":"https:\/\/alternativa.eu\/en\/wp-json\/wp\/v2\/media\/3751"}],"wp:attachment":[{"href":"https:\/\/alternativa.eu\/en\/wp-json\/wp\/v2\/media?parent=3970"}],"wp:term":[{"taxonomy":"category","embeddable":true,"href":"https:\/\/alternativa.eu\/en\/wp-json\/wp\/v2\/categories?post=3970"},{"taxonomy":"post_tag","embeddable":true,"href":"https:\/\/alternativa.eu\/en\/wp-json\/wp\/v2\/tags?post=3970"}],"curies":[{"name":"wp","href":"https:\/\/api.w.org\/{rel}","templated":true}]}}