{"id":3968,"date":"2023-10-21T13:08:28","date_gmt":"2023-10-21T11:08:28","guid":{"rendered":"https:\/\/alternativa.eu\/planul-urbanistic-zonal-mesager-2\/"},"modified":"2023-10-21T15:21:09","modified_gmt":"2023-10-21T13:21:09","slug":"planul-urbanistic-zonal-mesager-2","status":"publish","type":"post","link":"https:\/\/alternativa.eu\/en\/planul-urbanistic-zonal-mesager-2\/","title":{"rendered":"Planul Urbanistic Zonal \u201eMesager\u201d"},"content":{"rendered":"<p>Pentru implementarea acestui proiect a fost elaborat caietul de sarcini. Odat\u0103 cu finalizarea acestuia, a fost demarat\u0103 procedura de achizi\u021bii, &icirc;n urma c\u0103reia a fost desemnat drept c&acirc;\u0219tig\u0103tor compania &bdquo;Chi\u0219in\u0103uproiect&rdquo;.<\/p>\n<p>Drept urmare a tuturor \u0219edin\u021belor tehnice cu elaboratorii proiectului, reprezentan\u021bii Prim\u0103riei \u0219i Direc\u021biei Generale Arhitectur\u0103, studiul de justificare \u0219i Planul urbanistic zonal a fost elaborat \u0219i analizat &icirc;n cadrul Consiliului arhitectural urbanistic.<\/p>\n<p>S-au obtinut avizele Agen\u021biei de Mediu si Agentiei Na\u021bionale pentru Sanatate Publica.<\/p>\n<p>A fost recep\u021bionat r\u0103spuns de la AST privind coordonarea PUZ prin care se men\u021bioneaz\u0103 c\u0103 avizele necesare aprob\u0103rii documenta\u021biei de urbanism \u0219i amenjaraea teritoriului se emit de Guvern, de Autoritatea Administra\u021biei Publice Centrale pentru urbanism \u0219i amenajarea teritoriului sau de serviciul de arhitectur\u0103 \u0219i urbanism al Autorit\u0103\u021bii Publice Locale \u0219i de organismele centrale \u0219i teritoriale interesate.<\/p>\n<p>Au fost organizate consultari cu proprietarii de terenuri\/constructii din suprafa\u021ba c\u0103rora se solicit\u0103 terenuri pentru utilit\u0103\u021bi publice (accese, \u0219coli, gr\u0103dini\u021be) \u0219i au fost ajustate toate compartimentele PUZ-ului, conform recomand\u0103rilor \u0219i propunerilor at&acirc;t ale exper\u021bilor din cadrul Consiliului arhitectural urbanistic c&acirc;t \u0219i a proprietarilor de terenuri\/constructii din zona examinat\u0103.<\/p>\n<p>La data de 24 octombrie 2022 a fost lansat\u0103&nbsp;<a href=\"https:\/\/www.youtube.com\/watch?v=HBLEyjC2fqM\" target=\"_blank\" rel=\"noopener\">consultarea public\u0103 a PUZ-ului<\/a>&nbsp;&icirc;n incinta Centrului de industrii Creative ARTCOR \u0219i au fost recep\u021bionate propunerile societ\u0103\u021bii civile.<\/p>\n<p>La data de 05 ianuarie 2023 a avut loc&nbsp;<a href=\"https:\/\/www.youtube.com\/watch?v=eQPSfxCK1UA\" target=\"_blank\" rel=\"noopener\">consultarea public\u0103 cu exper\u021bii<\/a>&nbsp;&icirc;n incinta Preturii sectorului Buiucani asupra documenta\u021biei privind PUZ &#8211; Mesager.<\/p>\n<p>Actualmente PUZ-ul se afl\u0103 &icirc;n examinare la Ministerul Infrastructurii \u0219i Dezvolt\u0103rii Regionale de a primi avizul general.<\/p>\n<p>Documenta\u021bia urbanistic\u0103 a fost transmis\u0103 inclusiv la Ministerul Culturi pentru avizare.<\/p>\n<p>Memoriul General al PUZ &#8211; Mesager poate fi studiat \u0219i desc\u0103rcat&nbsp;<a href=\"https:\/\/ru.scribd.com\/document\/662397528\/Volumul-I-Memoriu-General-Piese-Scrise\" target=\"_blank\" rel=\"noopener\">AICI<\/a><\/p>\n","protected":false},"excerpt":{"rendered":"<p>Pentru implementarea acestui proiect a fost elaborat caietul de sarcini. Odat\u0103 cu finalizarea acestuia, a fost demarat\u0103 procedura de achizi\u021bii, &icirc;n urma c\u0103reia a fost desemnat drept c&acirc;\u0219tig\u0103tor compania &bdquo;Chi\u0219in\u0103uproiect&rdquo;. Drept urmare a tuturor \u0219edin\u021belor tehnice cu elaboratorii proiectului, reprezentan\u021bii Prim\u0103riei \u0219i Direc\u021biei Generale Arhitectur\u0103, studiul de justificare \u0219i Planul urbanistic zonal a fost elaborat&hellip;<\/p>\n","protected":false},"author":1,"featured_media":3677,"comment_status":"open","ping_status":"open","sticky":false,"template":"","format":"standard","meta":{"inline_featured_image":false,"pgc_sgb_lightbox_settings":"","footnotes":""},"categories":[69,66],"tags":[],"acf":[],"_links":{"self":[{"href":"https:\/\/alternativa.eu\/en\/wp-json\/wp\/v2\/posts\/3968"}],"collection":[{"href":"https:\/\/alternativa.eu\/en\/wp-json\/wp\/v2\/posts"}],"about":[{"href":"https:\/\/alternativa.eu\/en\/wp-json\/wp\/v2\/types\/post"}],"author":[{"embeddable":true,"href":"https:\/\/alternativa.eu\/en\/wp-json\/wp\/v2\/users\/1"}],"replies":[{"embeddable":true,"href":"https:\/\/alternativa.eu\/en\/wp-json\/wp\/v2\/comments?post=3968"}],"version-history":[{"count":1,"href":"https:\/\/alternativa.eu\/en\/wp-json\/wp\/v2\/posts\/3968\/revisions"}],"predecessor-version":[{"id":3977,"href":"https:\/\/alternativa.eu\/en\/wp-json\/wp\/v2\/posts\/3968\/revisions\/3977"}],"wp:featuredmedia":[{"embeddable":true,"href":"https:\/\/alternativa.eu\/en\/wp-json\/wp\/v2\/media\/3677"}],"wp:attachment":[{"href":"https:\/\/alternativa.eu\/en\/wp-json\/wp\/v2\/media?parent=3968"}],"wp:term":[{"taxonomy":"category","embeddable":true,"href":"https:\/\/alternativa.eu\/en\/wp-json\/wp\/v2\/categories?post=3968"},{"taxonomy":"post_tag","embeddable":true,"href":"https:\/\/alternativa.eu\/en\/wp-json\/wp\/v2\/tags?post=3968"}],"curies":[{"name":"wp","href":"https:\/\/api.w.org\/{rel}","templated":true}]}}